 {"id":878,"date":"2024-07-08T12:01:35","date_gmt":"2024-07-08T12:01:35","guid":{"rendered":"https:\/\/www.cofavila.com\/?p=878"},"modified":"2024-10-25T11:37:43","modified_gmt":"2024-10-25T11:37:43","slug":"campana-fotoproteccion","status":"publish","type":"post","link":"https:\/\/www.cofavila.com\/index.php\/2024\/07\/08\/campana-fotoproteccion\/","title":{"rendered":"<h22>CAMPA\u00d1A FOTOPROTECCI\u00d3N COF \u00c1VILA<\/h22>"},"content":{"rendered":"\n<p class=\"has-text-align-center has-medium-font-size\"><strong>\u00abNo esperes a ir a la playa para fotoprotegerte\u00bb <\/strong><\/p>\n\n\n\n<h2 class=\"wp-block-heading has-black-color has-text-color has-link-color has-medium-font-size wp-elements-d3ed44a1dc5b8cb02e585e1576160609\">Nueva campa\u00f1a de fotoprotecci\u00f3n promovida por la Vocal de Dermofarmacia del COF \u00c1vila, Sonia Galeano. Bajo el lema \u00ab<strong>No esperes a ir a la playa para fotoprotegerte<\/strong>\u00bb esta campa\u00f1a difundir\u00e1 carteles en farmacias, hospitales y espacios informativos municipales en los que se lanzan mensajes y consejos sobre la <strong>necesidad de protegerse frente al sol<\/strong>, especialmente <strong>en una ciudad situada a la altitud de la capital abulense: 1.131,9 metros sobre el nivel del mar<\/strong>. <\/h2>\n\n\n\n<h2 class=\"wp-block-heading has-black-color has-text-color has-link-color has-medium-font-size\" style=\"text-align: justify;\">Esta iniciativa busca concienciar a los abulenses y visitantes a trav\u00e9s de <span style=\"color: #008080; background-color: #ccffff;\"><a style=\"color: #008080; background-color: #ccffff;\" href=\"https:\/\/www.cofavila.com\/wp-content\/uploads\/2024\/07\/CARTELES-1.pdf\">cuatro carteles<\/a><\/span> en las que se hace referencia a distintos aspectos relacionados con la exposici\u00f3n solar y que incluyen un c\u00f3digo QR desde el que los ciudadanos pueden descargar un <span style=\"background-color: #ccffff;\"><a style=\"background-color: #ccffff;\" href=\"https:\/\/www.cofavila.com\/wp-content\/uploads\/2024\/07\/FOLLETO-FOTOPROTECCION.pdf\"><span style=\"color: #008080;\">d\u00edptico<\/span><\/a><\/span> que incluye mensajes cortos y atractivos sobre el tema.<\/h2>\n<h2 class=\"wp-block-heading has-black-color has-text-color has-link-color has-medium-font-size\" style=\"text-align: justify;\">A trav\u00e9s de esta campa\u00f1a, que se desarrollar\u00e1 hasta mediados de <span style=\"text-decoration: underline;\"><strong>septiembre<\/strong><\/span>, se difundir\u00e1n <a href=\"https:\/\/www.cofavila.com\/wp-content\/uploads\/2024\/07\/CARTELES-1.pdf\"><span style=\"color: #008080; background-color: #ccffff;\">im\u00e1genes<\/span><\/a> en las que se pueden leer mensajes como que \u00ab<em>el 90 por ciento de la radiaci\u00f3n solar puede atravesar las nubes\u00bb<\/em>; \u00ab<em>la existencia de m\u00e1s de 4.000 medicamentos fotosensibilizantes\u00bb<\/em> o que \u00ab<em>la radiaci\u00f3n ultravioleta aumenta un 4% ciento por cada 300 metros de altitud\u00bb<\/em>.<\/h2>\n\n\n\n<h2 class=\"wp-block-heading has-black-color has-text-color has-link-color has-medium-font-size wp-elements-df2d57f8d29e3bff88ecb8e93463e4fe\"><\/h2>\n\n\n<div class=\"extendedwopts-md-center wp-block-image is-style-default\">\n<figure class=\"aligncenter size-large is-resized\"><a href=\"https:\/\/www.cofavila.com\/wp-content\/uploads\/2024\/07\/CARTELES-1.pdf\"><img loading=\"lazy\" decoding=\"async\" width=\"719\" height=\"1024\" src=\"https:\/\/www.cofavila.com\/wp-content\/uploads\/2024\/07\/1-con-QR-719x1024.jpg\" alt=\"\" class=\"wp-image-881\" style=\"width:719px;height:auto\" srcset=\"https:\/\/www.cofavila.com\/wp-content\/uploads\/2024\/07\/1-con-QR-719x1024.jpg 719w, https:\/\/www.cofavila.com\/wp-content\/uploads\/2024\/07\/1-con-QR-211x300.jpg 211w, https:\/\/www.cofavila.com\/wp-content\/uploads\/2024\/07\/1-con-QR-768x1093.jpg 768w, https:\/\/www.cofavila.com\/wp-content\/uploads\/2024\/07\/1-con-QR-1079x1536.jpg 1079w, https:\/\/www.cofavila.com\/wp-content\/uploads\/2024\/07\/1-con-QR.jpg 1124w\" sizes=\"auto, (max-width: 719px) 100vw, 719px\" \/><\/a><\/figure>\n<\/div>\n\n\n<p>&nbsp;<\/p>\n<p><strong><span style=\"text-decoration: underline;\"><span style=\"color: #000000; text-decoration: underline;\">Enlaces a noticias publicadas en distintos medios sobre la campa\u00f1a:<\/span><\/span><\/strong><\/p>\n<ul>\n<li>\n<h5 class=\"titulo-noticia\"><strong><span style=\"font-size: 12pt;\"><a href=\"https:\/\/www.tribunaavila.com\/noticias\/375435\/la-proteccion-solar-en-la-playa-si-pero-tambien-en-avila\">\u00bfLa protecci\u00f3n solar en la playa? S\u00ed, pero tambi\u00e9n en \u00c1vila <\/a><\/span><\/strong><strong><span style=\"font-size: 12pt;\"><br><\/span><\/strong><\/h5>\n<\/li>\n<li>\n<h5 style=\"text-align: justify;\"><strong><a href=\"https:\/\/www.diariodeavila.es\/noticia\/z636c5fc4-ddfc-2099-7e73e9920c78d318\/202407\/el-ayuntamiento-lanza-una-campana-sobre-la-proteccion-al-sol?utm_source=www.diariodeavila.es&amp;utm_medium=whatsapp\"><span style=\"font-size: 12pt;\">El Ayuntamiento lanza una campa\u00f1a sobre la protecci\u00f3n al sol<\/span><\/a><\/strong><\/h5>\n<\/li>\n<li>\n<h5 class=\"titular\"><strong><a href=\"https:\/\/www.europapress.es\/castilla-y-leon\/noticia-avila-lanza-campana-no-esperes-ir-playa-fotoprotegerte-sensibilizar-fotoproteccion-20240731141409.html\"><span style=\"font-size: 12pt;\">\u00c1vila lanza la campa\u00f1a &#8216;No esperes a ir a la playa para fotoprotegerte&#8217; para sensibilizar sobre la fotoprotecci\u00f3n<\/span><\/a><\/strong><\/h5>\n<\/li>\n<li>\n<h5 class=\"new_title\"><strong><span style=\"font-size: 12pt;\"><a href=\"https:\/\/avilared.com\/art\/78097\/campana-de-fotoproteccion-protege-tu-piel-del-sol-todo-el-ano\">Campa\u00f1a de fotoprotecci\u00f3n: protege tu piel del sol todo el a\u00f1o<\/a><\/span><\/strong><\/h5>\n<\/li>\n<li>\n<h5><span style=\"font-size: 12pt;\"><strong><a href=\"https:\/\/www.cofavila.com\/index.php\/2024\/08\/21\/reportaje-cyltv-noticias-campana-no-esperes-a-ir-a-la-playa-para-fotoprotegerte\/\">Reportaje CyLTV Noticias campa\u00f1a \u00abNo esperes a ir a la playa para fotoprotegerte\u00bb<\/a><\/strong><\/span><\/h5>\n<\/li>\n<\/ul>\n","protected":false},"excerpt":{"rendered":"<p>\u00abNo esperes a ir a la playa para fotoprotegerte\u00bb Nueva campa\u00f1a de fotoprotecci\u00f3n promovida por la Vocal de Dermofarmacia del COF \u00c1vila, Sonia Galeano. Bajo el lema \u00abNo esperes a ir a la playa para fotoprotegerte\u00bb esta campa\u00f1a difundir\u00e1 carteles en farmacias, hospitales y espacios informativos municipales en los que se lanzan mensajes y consejos [&hellip;]<\/p>\n","protected":false},"author":4,"featured_media":0,"comment_status":"closed","ping_status":"closed","sticky":false,"template":"","format":"standard","meta":{"footnotes":""},"categories":[25,26],"tags":[],"class_list":["post-878","post","type-post","status-publish","format-standard","hentry","category-cof-avila","category-fotoproteccion"],"_links":{"self":[{"href":"https:\/\/www.cofavila.com\/index.php\/wp-json\/wp\/v2\/posts\/878","targetHints":{"allow":["GET"]}}],"collection":[{"href":"https:\/\/www.cofavila.com\/index.php\/wp-json\/wp\/v2\/posts"}],"about":[{"href":"https:\/\/www.cofavila.com\/index.php\/wp-json\/wp\/v2\/types\/post"}],"author":[{"embeddable":true,"href":"https:\/\/www.cofavila.com\/index.php\/wp-json\/wp\/v2\/users\/4"}],"replies":[{"embeddable":true,"href":"https:\/\/www.cofavila.com\/index.php\/wp-json\/wp\/v2\/comments?post=878"}],"version-history":[{"count":28,"href":"https:\/\/www.cofavila.com\/index.php\/wp-json\/wp\/v2\/posts\/878\/revisions"}],"predecessor-version":[{"id":1881,"href":"https:\/\/www.cofavila.com\/index.php\/wp-json\/wp\/v2\/posts\/878\/revisions\/1881"}],"wp:attachment":[{"href":"https:\/\/www.cofavila.com\/index.php\/wp-json\/wp\/v2\/media?parent=878"}],"wp:term":[{"taxonomy":"category","embeddable":true,"href":"https:\/\/www.cofavila.com\/index.php\/wp-json\/wp\/v2\/categories?post=878"},{"taxonomy":"post_tag","embeddable":true,"href":"https:\/\/www.cofavila.com\/index.php\/wp-json\/wp\/v2\/tags?post=878"}],"curies":[{"name":"wp","href":"https:\/\/api.w.org\/{rel}","templated":true}]}}