 {"id":2610,"date":"2025-02-12T10:36:24","date_gmt":"2025-02-12T10:36:24","guid":{"rendered":"https:\/\/www.cofavila.com\/?p=2610"},"modified":"2025-12-01T17:50:51","modified_gmt":"2025-12-01T17:50:51","slug":"escuelas-rurales-de-salud-mental","status":"publish","type":"post","link":"https:\/\/www.cofavila.com\/index.php\/2025\/02\/12\/escuelas-rurales-de-salud-mental\/","title":{"rendered":"<h22>ESCUELAS RURALES DE SALUD MENTAL<\/h22>"},"content":{"rendered":"\n<h4 style=\"text-align: center;\"><span style=\"color: #60b54a;\"><strong>&nbsp;<span style=\"color: #008000;\">&#8211; <a style=\"color: #008000;\" href=\"https:\/\/www.cofavila.com\/wp-content\/uploads\/2025\/05\/ERSM.pdf\">FECHAS SESIONES FORMATIVAS PROVINCIA \u00c1VILA<\/a> &#8211;<\/span><\/strong><\/span><\/h4>\n<p style=\"text-align: justify;\"><span style=\"color: #333333;\">Tras el \u00e9xito de la iniciativa&nbsp;<strong><em>\u00abEscuelas Rurales de Salud: Educaci\u00f3n sanitaria por el farmac\u00e9utico\u00bb<\/em><\/strong>, que se desarroll\u00f3 en la comunidad de Castilla y Le\u00f3n durante 2023 y cuyos resultados puedes ver a trav\u00e9s de este <span style=\"color: #008000;\"><a style=\"color: #008000;\" href=\"https:\/\/www.youtube.com\/watch?v=22Dirtmq_WI\">enlace<\/a><\/span>; el Consejo General de Colegios Oficiales de Farmac\u00e9uticos ha puesto en marcha una nueva campa\u00f1a titulada&nbsp;<strong><em>\u00abPrevenci\u00f3n y actuaci\u00f3n farmac\u00e9utica en salud mental desde la farmacia comunitaria\u00bb&nbsp;<\/em><\/strong>que se desarrollar\u00e1 desde&nbsp;<strong>300 farmacias rurales<\/strong>&nbsp;de todo el territorio nacional entre&nbsp;<strong>enero y abril de 2025<\/strong>&nbsp;y tiene como objetivo&nbsp;<strong>potenciar el papel de la farmacia comunitaria en el \u00e1mbito de la salud mental mediante 3 ejes de actuaci\u00f3n:<\/strong><\/span><\/p>\n<ol style=\"text-align: justify;\">\n<li><span style=\"color: #60b54a;\"><strong>Detecci\u00f3n de s\u00edntomas y signos indicativos de patolog\u00eda mental, de empeoramiento de la misma o de conducta de riesgo.<\/strong><\/span><\/li>\n<li><span style=\"color: #60b54a;\"><strong>Lucha contra el estigma de la enfermedad mental.<\/strong><\/span><\/li>\n<li><span style=\"color: #60b54a;\"><strong>Educaci\u00f3n Sanitaria a pacientes y cuidadores.<\/strong><\/span><\/li>\n<\/ol>\n<p>&nbsp;<\/p>\n<p style=\"text-align: justify;\"><span style=\"color: #333333;\">El <strong>servicio de Educaci\u00f3n Sanitaria<\/strong> se proporcionar\u00e1 mediante la impartici\u00f3n de dos <a href=\"https:\/\/www.cofavila.com\/wp-content\/uploads\/2025\/04\/ERSM.pdf\"><strong>sesiones formativas<\/strong><\/a> a la poblaci\u00f3n: una enfocada a <strong>pacientes<\/strong>, donde se abordar\u00e1 la salud mental y la adherencia a los tratamientos, y otra para <strong>cuidadores<\/strong>, centrada en el manejo del paciente con patolog\u00eda mental.&nbsp;<\/span><\/p>\n<p style=\"text-align: justify;\"><span style=\"color: #333333;\">Los <strong>15 farmac\u00e9uticos abulenses<\/strong> que han sido <strong>seleccionados<\/strong> ya han recibido una formaci\u00f3n online y la documentaci\u00f3n necesaria para la puesta en marcha del proyecto en su municipio. Entre los participantes de nuestra provincia se encuentran 4<strong> farmac\u00e9uticos titulares de farmacias VEC<\/strong> y <strong>10 de las 13 farmacias<\/strong> participantes se encuentran en municipios de <strong>menos de 1000 habitantes<\/strong>.<\/span><\/p>\n<p><span style=\"color: #333333;\">M\u00e1s informaci\u00f3n sobre este proyecto en la web de<\/span> <a href=\"https:\/\/www.farmaceuticos.com\/farmaceuticos\/farmacia\/campanas\/prevencion-y-actuacion-farmaceutica-en-salud-mental-desde-la-farmacia-comunitaria\/\"><strong><em>Farmac\u00e9uticos<\/em><\/strong><\/a>.<\/p>\n\n\n<div class=\"wp-block-image\">\n<figure class=\"aligncenter size-full\"><a href=\"https:\/\/www.cofavila.com\/wp-content\/uploads\/2025\/02\/ddddddd-1.png\"><img loading=\"lazy\" decoding=\"async\" width=\"637\" height=\"901\" src=\"https:\/\/www.cofavila.com\/wp-content\/uploads\/2025\/02\/ddddddd.png\" alt=\"\" class=\"wp-image-2611\" srcset=\"https:\/\/www.cofavila.com\/wp-content\/uploads\/2025\/02\/ddddddd.png 637w, https:\/\/www.cofavila.com\/wp-content\/uploads\/2025\/02\/ddddddd-212x300.png 212w\" sizes=\"auto, (max-width: 637px) 100vw, 637px\" \/><\/a><\/figure>\n<\/div>\n\n\n<p>\u00a0<\/p>\n<p><a href=\"https:\/\/www.farmaceuticos.com\/wp-content\/uploads\/2025\/01\/2024-Infografia-Pacientes-Salud-Mental-def.pdf\">Infograf\u00eda para pacientes<\/a>.<\/p>\n<p><a href=\"https:\/\/www.youtube.com\/watch?v=v5ghjCxWyzQ&amp;t=12s\">Webinar &#8211; El papel del autocuidado en la salud mental<\/a>.<\/p>\n<p>Con la colaboraci\u00f3n de:<\/p>\n<div class=\"index-content_block\">\n<p style=\"text-align: justify;\"><img loading=\"lazy\" decoding=\"async\" class=\"size-medium wp-image-574204 aligncenter\" src=\"https:\/\/www.farmaceuticos.com\/wp-content\/uploads\/2024\/11\/Boehringer_Logo_RGB_Dark-Green-300x91.png\" sizes=\"auto, (max-width: 300px) 85vw, 300px\" srcset=\"https:\/\/www.farmaceuticos.com\/wp-content\/uploads\/2024\/11\/Boehringer_Logo_RGB_Dark-Green-300x91.png 300w, https:\/\/www.farmaceuticos.com\/wp-content\/uploads\/2024\/11\/Boehringer_Logo_RGB_Dark-Green-768x233.png 768w, https:\/\/www.farmaceuticos.com\/wp-content\/uploads\/2024\/11\/Boehringer_Logo_RGB_Dark-Green-281x85.png 281w, https:\/\/www.farmaceuticos.com\/wp-content\/uploads\/2024\/11\/Boehringer_Logo_RGB_Dark-Green-91x28.png 91w, https:\/\/www.farmaceuticos.com\/wp-content\/uploads\/2024\/11\/Boehringer_Logo_RGB_Dark-Green-348x105.png 348w, https:\/\/www.farmaceuticos.com\/wp-content\/uploads\/2024\/11\/Boehringer_Logo_RGB_Dark-Green-278x84.png 278w, https:\/\/www.farmaceuticos.com\/wp-content\/uploads\/2024\/11\/Boehringer_Logo_RGB_Dark-Green-594x180.png 594w, https:\/\/www.farmaceuticos.com\/wp-content\/uploads\/2024\/11\/Boehringer_Logo_RGB_Dark-Green-303x92.png 303w, https:\/\/www.farmaceuticos.com\/wp-content\/uploads\/2024\/11\/Boehringer_Logo_RGB_Dark-Green-355x108.png 355w, https:\/\/www.farmaceuticos.com\/wp-content\/uploads\/2024\/11\/Boehringer_Logo_RGB_Dark-Green-162x49.png 162w, https:\/\/www.farmaceuticos.com\/wp-content\/uploads\/2024\/11\/Boehringer_Logo_RGB_Dark-Green-368x112.png 368w, https:\/\/www.farmaceuticos.com\/wp-content\/uploads\/2024\/11\/Boehringer_Logo_RGB_Dark-Green-255x77.png 255w, https:\/\/www.farmaceuticos.com\/wp-content\/uploads\/2024\/11\/Boehringer_Logo_RGB_Dark-Green-446x135.png 446w, https:\/\/www.farmaceuticos.com\/wp-content\/uploads\/2024\/11\/Boehringer_Logo_RGB_Dark-Green-170x52.png 170w, https:\/\/www.farmaceuticos.com\/wp-content\/uploads\/2024\/11\/Boehringer_Logo_RGB_Dark-Green-700x212.png 700w, https:\/\/www.farmaceuticos.com\/wp-content\/uploads\/2024\/11\/Boehringer_Logo_RGB_Dark-Green.png 1000w\" alt=\"\" width=\"300\" height=\"91\" \/><\/p>\n<\/div>\n","protected":false},"excerpt":{"rendered":"<p>&nbsp;&#8211; FECHAS SESIONES FORMATIVAS PROVINCIA \u00c1VILA &#8211; Tras el \u00e9xito de la iniciativa&nbsp;\u00abEscuelas Rurales de Salud: Educaci\u00f3n sanitaria por el farmac\u00e9utico\u00bb, que se desarroll\u00f3 en la comunidad de Castilla y Le\u00f3n durante 2023 y cuyos resultados puedes ver a trav\u00e9s de este enlace; el Consejo General de Colegios Oficiales de Farmac\u00e9uticos ha puesto en marcha [&hellip;]<\/p>\n","protected":false},"author":4,"featured_media":0,"comment_status":"closed","ping_status":"closed","sticky":false,"template":"","format":"standard","meta":{"footnotes":""},"categories":[18,1],"tags":[],"class_list":["post-2610","post","type-post","status-publish","format-standard","hentry","category-escuelas-rurales","category-uncategorized"],"_links":{"self":[{"href":"https:\/\/www.cofavila.com\/index.php\/wp-json\/wp\/v2\/posts\/2610","targetHints":{"allow":["GET"]}}],"collection":[{"href":"https:\/\/www.cofavila.com\/index.php\/wp-json\/wp\/v2\/posts"}],"about":[{"href":"https:\/\/www.cofavila.com\/index.php\/wp-json\/wp\/v2\/types\/post"}],"author":[{"embeddable":true,"href":"https:\/\/www.cofavila.com\/index.php\/wp-json\/wp\/v2\/users\/4"}],"replies":[{"embeddable":true,"href":"https:\/\/www.cofavila.com\/index.php\/wp-json\/wp\/v2\/comments?post=2610"}],"version-history":[{"count":42,"href":"https:\/\/www.cofavila.com\/index.php\/wp-json\/wp\/v2\/posts\/2610\/revisions"}],"predecessor-version":[{"id":4504,"href":"https:\/\/www.cofavila.com\/index.php\/wp-json\/wp\/v2\/posts\/2610\/revisions\/4504"}],"wp:attachment":[{"href":"https:\/\/www.cofavila.com\/index.php\/wp-json\/wp\/v2\/media?parent=2610"}],"wp:term":[{"taxonomy":"category","embeddable":true,"href":"https:\/\/www.cofavila.com\/index.php\/wp-json\/wp\/v2\/categories?post=2610"},{"taxonomy":"post_tag","embeddable":true,"href":"https:\/\/www.cofavila.com\/index.php\/wp-json\/wp\/v2\/tags?post=2610"}],"curies":[{"name":"wp","href":"https:\/\/api.w.org\/{rel}","templated":true}]}}