 {"id":1569,"date":"2024-09-24T11:44:35","date_gmt":"2024-09-24T11:44:35","guid":{"rendered":"https:\/\/www.cofavila.com\/?p=1569"},"modified":"2025-05-05T12:12:00","modified_gmt":"2025-05-05T12:12:00","slug":"dia-mundial-farmaceutico-2024","status":"publish","type":"post","link":"https:\/\/www.cofavila.com\/index.php\/2024\/09\/24\/dia-mundial-farmaceutico-2024\/","title":{"rendered":"<h22>D\u00cdA MUNDIAL DEL FARMAC\u00c9UTICO 2024<\/h22>"},"content":{"rendered":"\n<p class=\"has-text-align-left\">Como ya es habitual, el 25 de septiembre se celebra el <strong>D\u00eda Mundial del Farmac\u00e9utico<\/strong>, este a\u00f1o bajo el lema \u201c<em>Farmac\u00e9uticos: respondiendo a las necesidades sanitarias globales<\/em>\u00ab, con el que la FIP quiere recordar que la profesi\u00f3n contribuye a mejorar la salud y el bienestar en el mundo. En Espa\u00f1a hemos reforzado el lema con la leyenda, \u00ab<em>Facilitando soluciones locales<\/em>\u00ab. <\/p>\n\n\n\n<p style=\"text-align: justify;\">Para conmemorar este d\u00eda, desde los Colegios de Farmac\u00e9uticos se ha tramitado la iluminaci\u00f3n de un monumento representativo de cada ciudad la noche del 24 de septiembre, en nuestro caso ser\u00e1 iluminada la fachada de la sede de la <a href=\"https:\/\/www.google.com\/search?q=diputacion+avila&amp;oq=diputacion+avila&amp;gs_lcrp=EgZjaHJvbWUyBggAEEUYOTINCAEQABiDARixAxiABDINCAIQABiDARixAxiABDINCAMQABiDARixAxiABDINCAQQABiDARixAxiABDINCAUQABiDARixAxiABDINCAYQABiDARixAxiABDIHCAcQABiABDINCAgQABiDARixAxiABDIQCAkQLhiDARixAxiABBiKBdIBCDE1MDNqMGo3qAIAsAIA&amp;sourceid=chrome&amp;ie=UTF-8\"><strong>Diputaci\u00f3n de \u00c1vila<\/strong><\/a>. Si te apetece, puedes compartir este d\u00eda con nosotros en redes sociales utilizando el hashtag <strong>#DMF2024<\/strong>. M\u00e1s informaci\u00f3n en este <a href=\"https:\/\/www.farmaceuticos.com\/noticias\/arrancan-en-toda-espana-los-actos-conmemorativos-de-la-semana-y-el-dia-mundial-del-farmaceutico\/\">enlace.<\/a><\/p>\n\n\n<a href=\"https:\/\/www.cofavila.com\/wp-content\/uploads\/2024\/09\/DMF-2024-1.pdf\" class=\"pdfemb-viewer\" style=\"\" data-width=\"max\" data-height=\"max\" data-toolbar=\"bottom\" data-toolbar-fixed=\"off\">DMF-2024-1<\/a>","protected":false},"excerpt":{"rendered":"<p>Como ya es habitual, el 25 de septiembre se celebra el D\u00eda Mundial del Farmac\u00e9utico, este a\u00f1o bajo el lema \u201cFarmac\u00e9uticos: respondiendo a las necesidades sanitarias globales\u00ab, con el que la FIP quiere recordar que la profesi\u00f3n contribuye a mejorar la salud y el bienestar en el mundo. En Espa\u00f1a hemos reforzado el lema con [&hellip;]<\/p>\n","protected":false},"author":4,"featured_media":0,"comment_status":"closed","ping_status":"closed","sticky":false,"template":"","format":"standard","meta":{"footnotes":""},"categories":[25,29],"tags":[],"class_list":["post-1569","post","type-post","status-publish","format-standard","hentry","category-cof-avila","category-dia-mundial-farmaceutico"],"_links":{"self":[{"href":"https:\/\/www.cofavila.com\/index.php\/wp-json\/wp\/v2\/posts\/1569","targetHints":{"allow":["GET"]}}],"collection":[{"href":"https:\/\/www.cofavila.com\/index.php\/wp-json\/wp\/v2\/posts"}],"about":[{"href":"https:\/\/www.cofavila.com\/index.php\/wp-json\/wp\/v2\/types\/post"}],"author":[{"embeddable":true,"href":"https:\/\/www.cofavila.com\/index.php\/wp-json\/wp\/v2\/users\/4"}],"replies":[{"embeddable":true,"href":"https:\/\/www.cofavila.com\/index.php\/wp-json\/wp\/v2\/comments?post=1569"}],"version-history":[{"count":9,"href":"https:\/\/www.cofavila.com\/index.php\/wp-json\/wp\/v2\/posts\/1569\/revisions"}],"predecessor-version":[{"id":1588,"href":"https:\/\/www.cofavila.com\/index.php\/wp-json\/wp\/v2\/posts\/1569\/revisions\/1588"}],"wp:attachment":[{"href":"https:\/\/www.cofavila.com\/index.php\/wp-json\/wp\/v2\/media?parent=1569"}],"wp:term":[{"taxonomy":"category","embeddable":true,"href":"https:\/\/www.cofavila.com\/index.php\/wp-json\/wp\/v2\/categories?post=1569"},{"taxonomy":"post_tag","embeddable":true,"href":"https:\/\/www.cofavila.com\/index.php\/wp-json\/wp\/v2\/tags?post=1569"}],"curies":[{"name":"wp","href":"https:\/\/api.w.org\/{rel}","templated":true}]}}