 {"id":1192,"date":"2024-08-01T10:10:24","date_gmt":"2024-08-01T10:10:24","guid":{"rendered":"https:\/\/www.cofavila.com\/?p=1192"},"modified":"2024-08-21T08:38:30","modified_gmt":"2024-08-21T08:38:30","slug":"el-cof-junto-al-ayuntamiento-de-avila-han-puesto-en-marcha-una-campana-para-sensibilizar-a-la-ciudadania-abulense-sobre-la-fotoproteccion","status":"publish","type":"post","link":"https:\/\/www.cofavila.com\/index.php\/2024\/08\/01\/el-cof-junto-al-ayuntamiento-de-avila-han-puesto-en-marcha-una-campana-para-sensibilizar-a-la-ciudadania-abulense-sobre-la-fotoproteccion\/","title":{"rendered":"El COF junto al Ayuntamiento de \u00c1vila han puesto en marcha una campa\u00f1a para sensibilizar a la ciudadan\u00eda abulense sobre la fotoprotecci\u00f3n."},"content":{"rendered":"\n<figure class=\"wp-block-gallery has-nested-images columns-default is-cropped wp-block-gallery-1 is-layout-flex wp-block-gallery-is-layout-flex\">\n<figure class=\"wp-block-image size-full\"><a href=\"https:\/\/www.tribunaavila.com\/noticias\/375435\/la-proteccion-solar-en-la-playa-si-pero-tambien-en-avila\"><img loading=\"lazy\" decoding=\"async\" width=\"505\" height=\"844\" data-id=\"1173\" src=\"https:\/\/www.cofavila.com\/wp-content\/uploads\/2024\/08\/TRIBUNA-AVILA-FOTOPROTECCION.png\" alt=\"\" class=\"wp-image-1173\" srcset=\"https:\/\/www.cofavila.com\/wp-content\/uploads\/2024\/08\/TRIBUNA-AVILA-FOTOPROTECCION.png 505w, https:\/\/www.cofavila.com\/wp-content\/uploads\/2024\/08\/TRIBUNA-AVILA-FOTOPROTECCION-180x300.png 180w\" sizes=\"auto, (max-width: 505px) 100vw, 505px\" \/><\/a><figcaption class=\"wp-element-caption\">Noticia Tribuna \u00c1vila<\/figcaption><\/figure>\n\n\n\n<figure class=\"wp-block-image size-large\"><a href=\"https:\/\/www.europapress.es\/castilla-y-leon\/noticia-avila-lanza-campana-no-esperes-ir-playa-fotoprotegerte-sensibilizar-fotoproteccion-20240731141409.html\"><img loading=\"lazy\" decoding=\"async\" width=\"783\" height=\"862\" data-id=\"1172\" src=\"https:\/\/www.cofavila.com\/wp-content\/uploads\/2024\/08\/EUROPAPRESS-AVILA-FOTOPROTECCION.png\" alt=\"\" class=\"wp-image-1172\" srcset=\"https:\/\/www.cofavila.com\/wp-content\/uploads\/2024\/08\/EUROPAPRESS-AVILA-FOTOPROTECCION.png 783w, https:\/\/www.cofavila.com\/wp-content\/uploads\/2024\/08\/EUROPAPRESS-AVILA-FOTOPROTECCION-273x300.png 273w, https:\/\/www.cofavila.com\/wp-content\/uploads\/2024\/08\/EUROPAPRESS-AVILA-FOTOPROTECCION-768x845.png 768w\" sizes=\"auto, (max-width: 783px) 100vw, 783px\" \/><\/a><figcaption class=\"wp-element-caption\">Noticia EuropaPress<\/figcaption><\/figure>\n\n\n\n<figure class=\"wp-block-image size-full\"><a href=\"https:\/\/www.diariodeavila.es\/noticia\/z636c5fc4-ddfc-2099-7e73e9920c78d318\/202407\/el-ayuntamiento-lanza-una-campana-sobre-la-proteccion-al-sol?utm_source=www.diariodeavila.es&amp;utm_medium=whatsapp\"><img loading=\"lazy\" decoding=\"async\" width=\"807\" height=\"853\" data-id=\"1171\" src=\"https:\/\/www.cofavila.com\/wp-content\/uploads\/2024\/08\/DIARIO-DE-AVILA-FOTOPROTECCION.png\" alt=\"\" class=\"wp-image-1171\" srcset=\"https:\/\/www.cofavila.com\/wp-content\/uploads\/2024\/08\/DIARIO-DE-AVILA-FOTOPROTECCION.png 807w, https:\/\/www.cofavila.com\/wp-content\/uploads\/2024\/08\/DIARIO-DE-AVILA-FOTOPROTECCION-284x300.png 284w, https:\/\/www.cofavila.com\/wp-content\/uploads\/2024\/08\/DIARIO-DE-AVILA-FOTOPROTECCION-768x812.png 768w\" sizes=\"auto, (max-width: 807px) 100vw, 807px\" \/><\/a><figcaption class=\"wp-element-caption\">Noticia Diario de \u00c1vila<\/figcaption><\/figure>\n\n\n\n<figure class=\"wp-block-image size-full is-style-default\"><a href=\"https:\/\/avilared.com\/art\/78097\/campana-de-fotoproteccion-protege-tu-piel-del-sol-todo-el-ano\"><img loading=\"lazy\" decoding=\"async\" width=\"670\" height=\"846\" data-id=\"1196\" src=\"https:\/\/www.cofavila.com\/wp-content\/uploads\/2024\/08\/AVILARED-FOTOPROTECCION-1.png\" alt=\"\" class=\"wp-image-1196\" srcset=\"https:\/\/www.cofavila.com\/wp-content\/uploads\/2024\/08\/AVILARED-FOTOPROTECCION-1.png 670w, https:\/\/www.cofavila.com\/wp-content\/uploads\/2024\/08\/AVILARED-FOTOPROTECCION-1-238x300.png 238w\" sizes=\"auto, (max-width: 670px) 100vw, 670px\" \/><\/a><figcaption class=\"wp-element-caption\">Noticia Avilared<\/figcaption><\/figure>\n<\/figure>\n","protected":false},"excerpt":{"rendered":"","protected":false},"author":4,"featured_media":0,"comment_status":"closed","ping_status":"closed","sticky":false,"template":"","format":"standard","meta":{"footnotes":""},"categories":[27,25,26,17],"tags":[],"class_list":["post-1192","post","type-post","status-publish","format-standard","hentry","category-campana-sanitaria","category-cof-avila","category-fotoproteccion","category-recopilatorio_prensa"],"_links":{"self":[{"href":"https:\/\/www.cofavila.com\/index.php\/wp-json\/wp\/v2\/posts\/1192","targetHints":{"allow":["GET"]}}],"collection":[{"href":"https:\/\/www.cofavila.com\/index.php\/wp-json\/wp\/v2\/posts"}],"about":[{"href":"https:\/\/www.cofavila.com\/index.php\/wp-json\/wp\/v2\/types\/post"}],"author":[{"embeddable":true,"href":"https:\/\/www.cofavila.com\/index.php\/wp-json\/wp\/v2\/users\/4"}],"replies":[{"embeddable":true,"href":"https:\/\/www.cofavila.com\/index.php\/wp-json\/wp\/v2\/comments?post=1192"}],"version-history":[{"count":4,"href":"https:\/\/www.cofavila.com\/index.php\/wp-json\/wp\/v2\/posts\/1192\/revisions"}],"predecessor-version":[{"id":1198,"href":"https:\/\/www.cofavila.com\/index.php\/wp-json\/wp\/v2\/posts\/1192\/revisions\/1198"}],"wp:attachment":[{"href":"https:\/\/www.cofavila.com\/index.php\/wp-json\/wp\/v2\/media?parent=1192"}],"wp:term":[{"taxonomy":"category","embeddable":true,"href":"https:\/\/www.cofavila.com\/index.php\/wp-json\/wp\/v2\/categories?post=1192"},{"taxonomy":"post_tag","embeddable":true,"href":"https:\/\/www.cofavila.com\/index.php\/wp-json\/wp\/v2\/tags?post=1192"}],"curies":[{"name":"wp","href":"https:\/\/api.w.org\/{rel}","templated":true}]}}